{"id":1343,"date":"2020-10-31T18:55:17","date_gmt":"2020-10-31T17:55:17","guid":{"rendered":"https:\/\/www.somacentrum.online\/home\/?p=1343"},"modified":"2025-12-03T23:13:13","modified_gmt":"2025-12-03T22:13:13","slug":"harmonia-bytu-s-vastu-sastra","status":"publish","type":"post","link":"https:\/\/www.somacentrum.online\/home\/harmonia-bytu-s-vastu-sastra\/","title":{"rendered":"harm\u00f3nia bytu s vastu \u0161\u00e1stra"},"content":{"rendered":"\n<p><strong><strong>Filozofia vastu \u0161\u00e1stra je zalo\u017een\u00e1 na integr\u00e1cii architekt\u00fary s pr\u00edrodou. Zaober\u00e1 sa harmoniz\u00e1ciou a orient\u00e1ciou bytu, domu \u010di kancel\u00e1rie. Vastu vych\u00e1dza z indickej kult\u00fary a jej sp\u00f4sobu myslenia s orient\u00e1ciou sa na <strong>smerov\u00e9 polia<\/strong><\/strong>, <strong>symetriu a <strong>dokonal\u00e9 geometrick\u00e9 vzory<\/strong>.<\/strong><\/strong><\/p>\n\n\n\n<p>Vysk\u00fa\u0161ajte si nakresli\u0165 p\u00f4dorys v\u00e1\u0161ho bytu alebo domu a  zistite, \u010di m\u00e1te spr\u00e1vne rozlo\u017eenie miestnost\u00ed. <\/p>\n\n\n\n<div style=\"height:20px\" aria-hidden=\"true\" class=\"wp-block-spacer\"><\/div>\n\n\n\n<h3 class=\"has-text-align-center wp-block-heading\"><\/h3>\n\n\n\n<p><\/p>\n\n\n\n<p><\/p>\n\n\n\n<figure class=\"wp-block-image size-full\"><img fetchpriority=\"high\" decoding=\"async\" width=\"1240\" height=\"1753\" src=\"https:\/\/www.somacentrum.online\/home\/wp-content\/uploads\/2020\/10\/somA_Vastu_ako-na-to.jpg\" alt=\"\" class=\"wp-image-1359\" srcset=\"https:\/\/www.somacentrum.online\/home\/wp-content\/uploads\/2020\/10\/somA_Vastu_ako-na-to.jpg 1240w, https:\/\/www.somacentrum.online\/home\/wp-content\/uploads\/2020\/10\/somA_Vastu_ako-na-to-1087x1536.jpg 1087w\" sizes=\"(max-width: 1240px) 100vw, 1240px\" \/><\/figure>\n\n\n\n<div style=\"height:42px\" aria-hidden=\"true\" class=\"wp-block-spacer\"><\/div>\n\n\n\n<h3 class=\"has-text-align-center wp-block-heading\"><strong>Za\u010dnite t\u00fdm, \u017ee ur\u010d\u00edte kde je sever<\/strong><\/h3>\n\n\n\n<p><strong>Zamyslite sa nad t\u00fdm, kde vych\u00e1dza a zapad\u00e1 slnko, alebo si jednoducho na kompase v telef\u00f3ne pozrite kde je sever.<\/strong><\/p>\n\n\n\n<p><\/p>\n\n\n\n<h3 class=\"has-text-align-center wp-block-heading\">sever<\/h3>\n\n\n\n<p><strong>Severn\u00e1 strana je ide\u00e1lna na vstup do bytu \u010di domu. Zo severu pr\u00fadi do pr\u00edbytku tvoriv\u00e1 energia. Vhodn\u00e1 je ako ob\u00fdvacia izba \u010di v\u00e4\u010d\u0161\u00ed otvoren\u00fd priestor, ateli\u00e9r, k\u00fape\u013e\u0148a alebo tie\u017e suter\u00e9n.&nbsp;<br>D\u00f4le\u017eit\u00e9 je, aby ste sa v severnej \u010dasti vyhli sp\u00e1lni!<\/strong><\/p>\n\n\n\n<div style=\"height:48px\" aria-hidden=\"true\" class=\"wp-block-spacer\"><\/div>\n\n\n\n<h3 class=\"has-text-align-center wp-block-heading\">severo-v\u00fdchod<\/h3>\n\n\n\n<p><br>Severo-v\u00fdchodn\u00e1 strana je vhodn\u00e1 na vstup do bytu \u010di domu s \u013eahk\u00fdm otvoren\u00fdm priestorom a v\u00e4\u010d\u0161\u00edmi oknami. Ide\u00e1lne je v tejto \u010dasti orientova\u0165 balk\u00f3n alebo verandu \u010di medita\u010dn\u00fa miestnos\u0165. Severo-v\u00fdchodn\u00e1 strana je vhodn\u00e1 aj na suter\u00e9n alebo podzemn\u00fa n\u00e1dr\u017e na vodu.&nbsp;<br>D\u00f4le\u017eit\u00e9 je, aby ste sa v severo-v\u00fdchodnej \u010dasti vyhli umiestneniu kuchyne, WC alebo septika!&nbsp;<br><\/p>\n\n\n\n<div style=\"height:50px\" aria-hidden=\"true\" class=\"wp-block-spacer\"><\/div>\n\n\n\n<h3 class=\"has-text-align-center wp-block-heading\">v\u00fdchod<\/h3>\n\n\n\n<p><strong>V\u00fdchod je svetov\u00e1 strana, z ktorej pr\u00fadi do pr\u00edbytku pri rannom v\u00fdchode slnka ultrafialov\u00e9 \u017eiarenie, ktor\u00e9 blahod\u00e1rne p\u00f4sob\u00ed na na\u0161e zdravie. Z v\u00fdchodu tak pr\u00fadi do pr\u00edbytku uk\u013eud\u0148uj\u00faca a pokojn\u00e1 energia. V\u00fdchodn\u00e1 strana je ide\u00e1lna na ve\u013ek\u00fd otvoren\u00fd priestor, napr. ob\u00fdvaciu izbu, \u0161tudov\u0148u alebo k\u00fape\u013e\u0148u.\u00a0<\/strong><\/p>\n\n\n\n<div style=\"height:50px\" aria-hidden=\"true\" class=\"wp-block-spacer\"><\/div>\n\n\n\n<h3 class=\"has-text-align-center wp-block-heading\">juho-v\u00fdchod<\/h3>\n\n\n\n<p>Juho-v\u00fdchodn\u00e1 \u010das\u0165 bytu, \u010di domu je ide\u00e1lnym priestorom na kuchy\u0148u. Vhodn\u00e9 je v tejto \u010dasti pozemku umiestni\u0165 elektromer a plynomer, samozrejme, ak je to strana do ulice.<br>D\u00f4le\u017eit\u00e9 je, aby ste sa v juho-v\u00fdchodnej \u010dasti domu vyhli pivnici!\u00a0<\/p>\n\n\n\n<div style=\"height:50px\" aria-hidden=\"true\" class=\"wp-block-spacer\"><\/div>\n\n\n\n<h3 class=\"has-text-align-center wp-block-heading\">juh<\/h3>\n\n\n\n<p><strong>Ju\u017en\u00e1 \u010das\u0165 bytu \u010di domu je ide\u00e1lnym priestorom na umiestnenie sp\u00e1lne (sp\u00e1nok, v ktorom hlava smeruje na juhu), pracovne, schodiska, \u0161atn\u00edka alebo ukadac\u00edch priestorov. Z juhu pr\u00fadi do pr\u00edbytku tepl\u00e1, posil\u0148uj\u00faca energia.\u00a0<br>D\u00f4le\u017eit\u00e9 je, aby ste sa v ju\u017enej \u010dasti domu vyhli pivnici!\u00a0<\/strong><\/p>\n\n\n\n<div style=\"height:50px\" aria-hidden=\"true\" class=\"wp-block-spacer\"><\/div>\n\n\n\n<h3 class=\"has-text-align-center wp-block-heading\">juho-z\u00e1pad<\/h3>\n\n\n\n<p>Juho-z\u00e1padn\u00e1 \u010das\u0165 bytu \u010di domu je ide\u00e1lnym priestorom na umiestnenie sp\u00e1lne, \u0161atn\u00edka, schodiska alebo n\u00e1dr\u017eky na vodu.<br>D\u00f4le\u017eit\u00e9 je, aby ste sa v juho-z\u00e1padnej \u010dasti domu vyhli pivnici! &nbsp;<\/p>\n\n\n\n<div style=\"height:50px\" aria-hidden=\"true\" class=\"wp-block-spacer\"><\/div>\n\n\n\n<h3 class=\"has-text-align-center wp-block-heading\">z\u00e1pad<\/h3>\n\n\n\n<p><strong>Z\u00e1padn\u00e1 \u010das\u0165 bytu \u010di domu je ide\u00e1lnym priestorom na detsk\u00fa izbu, \u0161tudov\u0148u \u010di v\u00fdstavu va\u0161ich expon\u00e1tov. Vhodn\u00e1 je aj ako jed\u00e1le\u0148, \u0161atn\u00edk, ukadacie priestory, WC, septik, n\u00e1d\u017e na vodu.<br>D\u00f4le\u017eit\u00e9 je, aby ste sa v z\u00e1padnej \u010dasti domu vyhli pivnici!&nbsp;<\/strong><\/p>\n\n\n\n<div style=\"height:50px\" aria-hidden=\"true\" class=\"wp-block-spacer\"><\/div>\n\n\n\n<h3 class=\"has-text-align-center wp-block-heading\">severo-z\u00e1pad<\/h3>\n\n\n\n<p>Severo-z\u00e1padn\u00e1 \u010das\u0165 bytu \u010di domu je ide\u00e1lnym priestorom na umiestnenie detskej izby, \u0161tudovne \u010di miestnosti s po\u010d\u00edta\u010dom. Vhodn\u00e1 je aj ako hos\u0165ovsk\u00e1 izba, jed\u00e1le\u0148, k\u00fape\u013eka, WC, septik, \u0161atn\u00edk, sklad, \u0161pajza \u010di dokonca priestor na rozlo\u017eenie va\u0161ich expon\u00e1tov. Severo-z\u00e1padn\u00e1 \u010das\u0165 pozemku je vhodn\u00e1 na parkovanie.<\/p>\n","protected":false},"excerpt":{"rendered":"<p>Filozofia vastu \u0161\u00e1stra je zalo\u017een\u00e1 na integr\u00e1cii architekt\u00fary s pr\u00edrodou. Zaober\u00e1 sa harmoniz\u00e1ciou a orient\u00e1ciou bytu, domu \u010di kancel\u00e1rie. Vastu vych\u00e1dza z indickej kult\u00fary a jej sp\u00f4sobu myslenia s orient\u00e1ciou sa na smerov\u00e9 polia, symetriu a dokonal\u00e9 geometrick\u00e9 vzory. Vysk\u00fa\u0161ajte si nakresli\u0165 p\u00f4dorys v\u00e1\u0161ho bytu alebo domu a zistite, \u010di m\u00e1te spr\u00e1vne rozlo\u017eenie miestnost\u00ed. Za\u010dnite [&hellip;]<\/p>\n","protected":false},"author":1,"featured_media":1405,"comment_status":"closed","ping_status":"open","sticky":false,"template":"","format":"standard","meta":{"om_disable_all_campaigns":false,"_monsterinsights_skip_tracking":false,"_monsterinsights_sitenote_active":false,"_monsterinsights_sitenote_note":"","_monsterinsights_sitenote_category":0,"_uf_show_specific_survey":0,"_uf_disable_surveys":false,"footnotes":""},"categories":[9,28],"tags":[22,29,31,34,23],"class_list":["post-1343","post","type-post","status-publish","format-standard","has-post-thumbnail","hentry","category-fengsuej","category-creativity","tag-alternativa","tag-creativity","tag-thinking","tag-balance","tag-vastu-shastra"],"aioseo_notices":[],"yoast_head":"<!-- This site is optimized with the Yoast SEO plugin v26.4 - https:\/\/yoast.com\/wordpress\/plugins\/seo\/ -->\n<title>harm\u00f3nia bytu s vastu \u0161\u00e1stra - somA centrum<\/title>\n<meta name=\"robots\" content=\"index, follow, max-snippet:-1, max-image-preview:large, max-video-preview:-1\" \/>\n<link rel=\"canonical\" href=\"https:\/\/www.somacentrum.online\/home\/harmonia-bytu-s-vastu-sastra\/\" \/>\n<meta property=\"og:locale\" content=\"sk_SK\" \/>\n<meta property=\"og:type\" content=\"article\" \/>\n<meta property=\"og:title\" content=\"harm\u00f3nia bytu s vastu \u0161\u00e1stra - somA centrum\" \/>\n<meta property=\"og:description\" content=\"Filozofia vastu \u0161\u00e1stra je zalo\u017een\u00e1 na integr\u00e1cii architekt\u00fary s pr\u00edrodou. Zaober\u00e1 sa harmoniz\u00e1ciou a orient\u00e1ciou bytu, domu \u010di kancel\u00e1rie. Vastu vych\u00e1dza z indickej kult\u00fary a jej sp\u00f4sobu myslenia s orient\u00e1ciou sa na smerov\u00e9 polia, symetriu a dokonal\u00e9 geometrick\u00e9 vzory. Vysk\u00fa\u0161ajte si nakresli\u0165 p\u00f4dorys v\u00e1\u0161ho bytu alebo domu a zistite, \u010di m\u00e1te spr\u00e1vne rozlo\u017eenie miestnost\u00ed. Za\u010dnite [&hellip;]\" \/>\n<meta property=\"og:url\" content=\"https:\/\/www.somacentrum.online\/home\/harmonia-bytu-s-vastu-sastra\/\" \/>\n<meta property=\"og:site_name\" content=\"somA centrum\" \/>\n<meta property=\"article:published_time\" content=\"2020-10-31T17:55:17+00:00\" \/>\n<meta property=\"article:modified_time\" content=\"2025-12-03T22:13:13+00:00\" \/>\n<meta property=\"og:image\" content=\"https:\/\/www.somacentrum.online\/home\/wp-content\/uploads\/2020\/10\/somA_vastu_I.jpg\" \/>\n\t<meta property=\"og:image:width\" content=\"960\" \/>\n\t<meta property=\"og:image:height\" content=\"540\" \/>\n\t<meta property=\"og:image:type\" content=\"image\/jpeg\" \/>\n<meta name=\"author\" content=\"eppli eva kub\u00e1\u0148ov\u00e1\" \/>\n<meta name=\"twitter:card\" content=\"summary_large_image\" \/>\n<meta name=\"twitter:label1\" content=\"Autor\" \/>\n\t<meta name=\"twitter:data1\" content=\"eppli eva kub\u00e1\u0148ov\u00e1\" \/>\n\t<meta name=\"twitter:label2\" content=\"Predpokladan\u00fd \u010das \u010d\u00edtania\" \/>\n\t<meta name=\"twitter:data2\" content=\"3 min\u00faty\" \/>\n<script type=\"application\/ld+json\" class=\"yoast-schema-graph\">{\"@context\":\"https:\/\/schema.org\",\"@graph\":[{\"@type\":\"WebPage\",\"@id\":\"https:\/\/www.somacentrum.online\/home\/harmonia-bytu-s-vastu-sastra\/\",\"url\":\"https:\/\/www.somacentrum.online\/home\/harmonia-bytu-s-vastu-sastra\/\",\"name\":\"harm\u00f3nia bytu s vastu \u0161\u00e1stra - somA centrum\",\"isPartOf\":{\"@id\":\"https:\/\/www.somacentrum.online\/home\/#website\"},\"primaryImageOfPage\":{\"@id\":\"https:\/\/www.somacentrum.online\/home\/harmonia-bytu-s-vastu-sastra\/#primaryimage\"},\"image\":{\"@id\":\"https:\/\/www.somacentrum.online\/home\/harmonia-bytu-s-vastu-sastra\/#primaryimage\"},\"thumbnailUrl\":\"https:\/\/www.somacentrum.online\/home\/wp-content\/uploads\/2020\/10\/somA_vastu_I.jpg\",\"datePublished\":\"2020-10-31T17:55:17+00:00\",\"dateModified\":\"2025-12-03T22:13:13+00:00\",\"author\":{\"@id\":\"https:\/\/www.somacentrum.online\/home\/#\/schema\/person\/c08649b5774ba1d84dd049cebafe7b0f\"},\"breadcrumb\":{\"@id\":\"https:\/\/www.somacentrum.online\/home\/harmonia-bytu-s-vastu-sastra\/#breadcrumb\"},\"inLanguage\":\"sk-SK\",\"potentialAction\":[{\"@type\":\"ReadAction\",\"target\":[\"https:\/\/www.somacentrum.online\/home\/harmonia-bytu-s-vastu-sastra\/\"]}]},{\"@type\":\"ImageObject\",\"inLanguage\":\"sk-SK\",\"@id\":\"https:\/\/www.somacentrum.online\/home\/harmonia-bytu-s-vastu-sastra\/#primaryimage\",\"url\":\"https:\/\/www.somacentrum.online\/home\/wp-content\/uploads\/2020\/10\/somA_vastu_I.jpg\",\"contentUrl\":\"https:\/\/www.somacentrum.online\/home\/wp-content\/uploads\/2020\/10\/somA_vastu_I.jpg\",\"width\":960,\"height\":540},{\"@type\":\"BreadcrumbList\",\"@id\":\"https:\/\/www.somacentrum.online\/home\/harmonia-bytu-s-vastu-sastra\/#breadcrumb\",\"itemListElement\":[{\"@type\":\"ListItem\",\"position\":1,\"name\":\"Home\",\"item\":\"https:\/\/www.somacentrum.online\/home\/\"},{\"@type\":\"ListItem\",\"position\":2,\"name\":\"harm\u00f3nia bytu s vastu \u0161\u00e1stra\"}]},{\"@type\":\"WebSite\",\"@id\":\"https:\/\/www.somacentrum.online\/home\/#website\",\"url\":\"https:\/\/www.somacentrum.online\/home\/\",\"name\":\"somA centrum\",\"description\":\"kreat\u00edvneho myslenia, o.z.\",\"potentialAction\":[{\"@type\":\"SearchAction\",\"target\":{\"@type\":\"EntryPoint\",\"urlTemplate\":\"https:\/\/www.somacentrum.online\/home\/?s={search_term_string}\"},\"query-input\":{\"@type\":\"PropertyValueSpecification\",\"valueRequired\":true,\"valueName\":\"search_term_string\"}}],\"inLanguage\":\"sk-SK\"},{\"@type\":\"Person\",\"@id\":\"https:\/\/www.somacentrum.online\/home\/#\/schema\/person\/c08649b5774ba1d84dd049cebafe7b0f\",\"name\":\"eppli eva kub\u00e1\u0148ov\u00e1\",\"image\":{\"@type\":\"ImageObject\",\"inLanguage\":\"sk-SK\",\"@id\":\"https:\/\/www.somacentrum.online\/home\/#\/schema\/person\/image\/\",\"url\":\"https:\/\/secure.gravatar.com\/avatar\/dfba3af79afdd0c7171c77cb1375995ce9e25887e174026ed8383742b71d7e8a?s=96&d=mm&r=g\",\"contentUrl\":\"https:\/\/secure.gravatar.com\/avatar\/dfba3af79afdd0c7171c77cb1375995ce9e25887e174026ed8383742b71d7e8a?s=96&d=mm&r=g\",\"caption\":\"eppli eva kub\u00e1\u0148ov\u00e1\"},\"url\":\"https:\/\/www.somacentrum.online\/home\/author\/eppli14\/\"}]}<\/script>\n<!-- \/ Yoast SEO plugin. -->","yoast_head_json":{"title":"harm\u00f3nia bytu s vastu \u0161\u00e1stra - somA centrum","robots":{"index":"index","follow":"follow","max-snippet":"max-snippet:-1","max-image-preview":"max-image-preview:large","max-video-preview":"max-video-preview:-1"},"canonical":"https:\/\/www.somacentrum.online\/home\/harmonia-bytu-s-vastu-sastra\/","og_locale":"sk_SK","og_type":"article","og_title":"harm\u00f3nia bytu s vastu \u0161\u00e1stra - somA centrum","og_description":"Filozofia vastu \u0161\u00e1stra je zalo\u017een\u00e1 na integr\u00e1cii architekt\u00fary s pr\u00edrodou. Zaober\u00e1 sa harmoniz\u00e1ciou a orient\u00e1ciou bytu, domu \u010di kancel\u00e1rie. Vastu vych\u00e1dza z indickej kult\u00fary a jej sp\u00f4sobu myslenia s orient\u00e1ciou sa na smerov\u00e9 polia, symetriu a dokonal\u00e9 geometrick\u00e9 vzory. Vysk\u00fa\u0161ajte si nakresli\u0165 p\u00f4dorys v\u00e1\u0161ho bytu alebo domu a zistite, \u010di m\u00e1te spr\u00e1vne rozlo\u017eenie miestnost\u00ed. Za\u010dnite [&hellip;]","og_url":"https:\/\/www.somacentrum.online\/home\/harmonia-bytu-s-vastu-sastra\/","og_site_name":"somA centrum","article_published_time":"2020-10-31T17:55:17+00:00","article_modified_time":"2025-12-03T22:13:13+00:00","og_image":[{"width":960,"height":540,"url":"https:\/\/www.somacentrum.online\/home\/wp-content\/uploads\/2020\/10\/somA_vastu_I.jpg","type":"image\/jpeg"}],"author":"eppli eva kub\u00e1\u0148ov\u00e1","twitter_card":"summary_large_image","twitter_misc":{"Autor":"eppli eva kub\u00e1\u0148ov\u00e1","Predpokladan\u00fd \u010das \u010d\u00edtania":"3 min\u00faty"},"schema":{"@context":"https:\/\/schema.org","@graph":[{"@type":"WebPage","@id":"https:\/\/www.somacentrum.online\/home\/harmonia-bytu-s-vastu-sastra\/","url":"https:\/\/www.somacentrum.online\/home\/harmonia-bytu-s-vastu-sastra\/","name":"harm\u00f3nia bytu s vastu \u0161\u00e1stra - somA centrum","isPartOf":{"@id":"https:\/\/www.somacentrum.online\/home\/#website"},"primaryImageOfPage":{"@id":"https:\/\/www.somacentrum.online\/home\/harmonia-bytu-s-vastu-sastra\/#primaryimage"},"image":{"@id":"https:\/\/www.somacentrum.online\/home\/harmonia-bytu-s-vastu-sastra\/#primaryimage"},"thumbnailUrl":"https:\/\/www.somacentrum.online\/home\/wp-content\/uploads\/2020\/10\/somA_vastu_I.jpg","datePublished":"2020-10-31T17:55:17+00:00","dateModified":"2025-12-03T22:13:13+00:00","author":{"@id":"https:\/\/www.somacentrum.online\/home\/#\/schema\/person\/c08649b5774ba1d84dd049cebafe7b0f"},"breadcrumb":{"@id":"https:\/\/www.somacentrum.online\/home\/harmonia-bytu-s-vastu-sastra\/#breadcrumb"},"inLanguage":"sk-SK","potentialAction":[{"@type":"ReadAction","target":["https:\/\/www.somacentrum.online\/home\/harmonia-bytu-s-vastu-sastra\/"]}]},{"@type":"ImageObject","inLanguage":"sk-SK","@id":"https:\/\/www.somacentrum.online\/home\/harmonia-bytu-s-vastu-sastra\/#primaryimage","url":"https:\/\/www.somacentrum.online\/home\/wp-content\/uploads\/2020\/10\/somA_vastu_I.jpg","contentUrl":"https:\/\/www.somacentrum.online\/home\/wp-content\/uploads\/2020\/10\/somA_vastu_I.jpg","width":960,"height":540},{"@type":"BreadcrumbList","@id":"https:\/\/www.somacentrum.online\/home\/harmonia-bytu-s-vastu-sastra\/#breadcrumb","itemListElement":[{"@type":"ListItem","position":1,"name":"Home","item":"https:\/\/www.somacentrum.online\/home\/"},{"@type":"ListItem","position":2,"name":"harm\u00f3nia bytu s vastu \u0161\u00e1stra"}]},{"@type":"WebSite","@id":"https:\/\/www.somacentrum.online\/home\/#website","url":"https:\/\/www.somacentrum.online\/home\/","name":"somA centrum","description":"kreat\u00edvneho myslenia, o.z.","potentialAction":[{"@type":"SearchAction","target":{"@type":"EntryPoint","urlTemplate":"https:\/\/www.somacentrum.online\/home\/?s={search_term_string}"},"query-input":{"@type":"PropertyValueSpecification","valueRequired":true,"valueName":"search_term_string"}}],"inLanguage":"sk-SK"},{"@type":"Person","@id":"https:\/\/www.somacentrum.online\/home\/#\/schema\/person\/c08649b5774ba1d84dd049cebafe7b0f","name":"eppli eva kub\u00e1\u0148ov\u00e1","image":{"@type":"ImageObject","inLanguage":"sk-SK","@id":"https:\/\/www.somacentrum.online\/home\/#\/schema\/person\/image\/","url":"https:\/\/secure.gravatar.com\/avatar\/dfba3af79afdd0c7171c77cb1375995ce9e25887e174026ed8383742b71d7e8a?s=96&d=mm&r=g","contentUrl":"https:\/\/secure.gravatar.com\/avatar\/dfba3af79afdd0c7171c77cb1375995ce9e25887e174026ed8383742b71d7e8a?s=96&d=mm&r=g","caption":"eppli eva kub\u00e1\u0148ov\u00e1"},"url":"https:\/\/www.somacentrum.online\/home\/author\/eppli14\/"}]}},"_links":{"self":[{"href":"https:\/\/www.somacentrum.online\/home\/wp-json\/wp\/v2\/posts\/1343","targetHints":{"allow":["GET"]}}],"collection":[{"href":"https:\/\/www.somacentrum.online\/home\/wp-json\/wp\/v2\/posts"}],"about":[{"href":"https:\/\/www.somacentrum.online\/home\/wp-json\/wp\/v2\/types\/post"}],"author":[{"embeddable":true,"href":"https:\/\/www.somacentrum.online\/home\/wp-json\/wp\/v2\/users\/1"}],"replies":[{"embeddable":true,"href":"https:\/\/www.somacentrum.online\/home\/wp-json\/wp\/v2\/comments?post=1343"}],"version-history":[{"count":6,"href":"https:\/\/www.somacentrum.online\/home\/wp-json\/wp\/v2\/posts\/1343\/revisions"}],"predecessor-version":[{"id":1474,"href":"https:\/\/www.somacentrum.online\/home\/wp-json\/wp\/v2\/posts\/1343\/revisions\/1474"}],"wp:featuredmedia":[{"embeddable":true,"href":"https:\/\/www.somacentrum.online\/home\/wp-json\/wp\/v2\/media\/1405"}],"wp:attachment":[{"href":"https:\/\/www.somacentrum.online\/home\/wp-json\/wp\/v2\/media?parent=1343"}],"wp:term":[{"taxonomy":"category","embeddable":true,"href":"https:\/\/www.somacentrum.online\/home\/wp-json\/wp\/v2\/categories?post=1343"},{"taxonomy":"post_tag","embeddable":true,"href":"https:\/\/www.somacentrum.online\/home\/wp-json\/wp\/v2\/tags?post=1343"}],"curies":[{"name":"wp","href":"https:\/\/api.w.org\/{rel}","templated":true}]}}