{"id":2412,"date":"2025-12-03T22:00:12","date_gmt":"2025-12-03T21:00:12","guid":{"rendered":"https:\/\/www.somacentrum.online\/home\/?p=2412"},"modified":"2025-12-04T00:15:16","modified_gmt":"2025-12-03T23:15:16","slug":"arteterapia-prirodzeny-vstup-do-podvedomia","status":"publish","type":"post","link":"https:\/\/www.somacentrum.online\/home\/arteterapia-prirodzeny-vstup-do-podvedomia\/","title":{"rendered":"arteterapia: prirodzen\u00fd vstup do podvedomia"},"content":{"rendered":"\n<p><strong>Cie\u013eom arteterapeutick\u00fdch \u2013 kreat\u00edvnych cvi\u010den\u00ed je \u010do najprirodzenej\u0161\u00ed vstup do podvedom\u00fdch stavov, ktor\u00e9 ukr\u00fdvaj\u00fa d\u00f4vody konan\u00ed, emocion\u00e1lnych pre\u017e\u00edvan\u00ed a podstatu jedine\u010dnosti. Arteterapia cez autentick\u00e9 tvorenie \u2013 vyjadrenie sa, umo\u017e\u0148uje pr\u00edstup k subdominantnej intuit\u00edvnej a vizu\u00e1lnej pravej \u010dasti hemisf\u00e9ry.&nbsp;Arteterapetutick\u00e9 \u00falohy zad\u00e1vaj\u00fa mozgu pr\u00edkazy, pri ktor\u00fdch mus\u00ed mozog vypn\u00fa\u0165 svoju \u013eav\u00fa verb\u00e1lnu<\/strong>&nbsp;<strong>a racion\u00e1lnu hemisf\u00e9ru a umo\u017enia vyu\u017eitie pravej hemisf\u00e9ry v rovine intuit\u00edvnej v\u00fdpovede.<\/strong><\/p>\n\n\n\n<p>U\u017e v roku 1968 dok\u00e1zali v\u00fdskumy funkci\u00ed hemisf\u00e9r \u013eudsk\u00e9ho mozgu psychobiol\u00f3ga Regera W. Sperryho, za ktor\u00e9 dostal mimochodom Nobelovu cenu, \u017ee&nbsp;<strong>\u013eudsk\u00fd mozog pou\u017e\u00edva dva celkom odli\u0161n\u00e9 sp\u00f4soby prem\u00fd\u0161\u013eania a to jeden analytick\u00fd, verb\u00e1lny a n\u00e1sledn\u00fd a druh\u00fd vizu\u00e1lny, vn\u00edmav\u00fd a paraleln\u00fd.<\/strong><\/p>\n\n\n\n<p>T\u00fato problematiku v\u00fdsti\u017ene sformuloval aj prominentn\u00fd vedec a neurochirurg Richard Berglanda: \u201eM\u00e1te dva mozgy: \u013eav\u00fd a prav\u00fd. Dnes u\u017e vedci vedia, \u017ee \u013eav\u00fd mozog je verb\u00e1lny a racion\u00e1lny \u2013 prem\u00fd\u0161\u013ea s\u00e9riovo a my\u0161lienky triedi na \u010d\u00edsla, p\u00edsmen\u00e1 a slov\u00e1. Prav\u00fd mozog je nonverb\u00e1lny a intuit\u00edvny \u2013 prem\u00fd\u0161\u013ea vo vzoroch, obrazoch, cel\u00fdch veciach a nerozumie prevodom na \u010d\u00edsla, p\u00edsmen\u00e1 alebo slov\u00e1.\u201c&nbsp;<\/p>\n","protected":false},"excerpt":{"rendered":"<p>Cie\u013eom arteterapeutick\u00fdch \u2013 kreat\u00edvnych cvi\u010den\u00ed je \u010do najprirodzenej\u0161\u00ed vstup do podvedom\u00fdch stavov, ktor\u00e9 ukr\u00fdvaj\u00fa d\u00f4vody konan\u00ed, emocion\u00e1lnych pre\u017e\u00edvan\u00ed a podstatu jedine\u010dnosti. Arteterapia cez autentick\u00e9 tvorenie \u2013 vyjadrenie sa, umo\u017e\u0148uje pr\u00edstup k subdominantnej intuit\u00edvnej a vizu\u00e1lnej pravej \u010dasti hemisf\u00e9ry.&nbsp;Arteterapetutick\u00e9 \u00falohy zad\u00e1vaj\u00fa mozgu pr\u00edkazy, pri ktor\u00fdch mus\u00ed mozog vypn\u00fa\u0165 svoju \u013eav\u00fa verb\u00e1lnu&nbsp;a racion\u00e1lnu hemisf\u00e9ru a umo\u017enia vyu\u017eitie [&hellip;]<\/p>\n","protected":false},"author":1,"featured_media":2417,"comment_status":"closed","ping_status":"open","sticky":false,"template":"","format":"standard","meta":{"om_disable_all_campaigns":false,"_monsterinsights_skip_tracking":false,"_monsterinsights_sitenote_active":false,"_monsterinsights_sitenote_note":"","_monsterinsights_sitenote_category":0,"_uf_show_specific_survey":0,"_uf_disable_surveys":false,"footnotes":""},"categories":[2,28],"tags":[22,30,29,31,16,34,18,33,32],"class_list":["post-2412","post","type-post","status-publish","format-standard","has-post-thumbnail","hentry","category-arteterapia","category-creativity","tag-alternativa","tag-art-therapy","tag-creativity","tag-thinking","tag-relax","tag-balance","tag-self-reflection","tag-vitality","tag-health"],"aioseo_notices":[],"yoast_head":"<!-- This site is optimized with the Yoast SEO plugin v26.4 - https:\/\/yoast.com\/wordpress\/plugins\/seo\/ -->\n<title>arteterapia: prirodzen\u00fd vstup do podvedomia - somA centrum<\/title>\n<meta name=\"robots\" content=\"index, follow, max-snippet:-1, max-image-preview:large, max-video-preview:-1\" \/>\n<link rel=\"canonical\" href=\"https:\/\/www.somacentrum.online\/home\/arteterapia-prirodzeny-vstup-do-podvedomia\/\" \/>\n<meta property=\"og:locale\" content=\"sk_SK\" \/>\n<meta property=\"og:type\" content=\"article\" \/>\n<meta property=\"og:title\" content=\"arteterapia: prirodzen\u00fd vstup do podvedomia - somA centrum\" \/>\n<meta property=\"og:description\" content=\"Cie\u013eom arteterapeutick\u00fdch \u2013 kreat\u00edvnych cvi\u010den\u00ed je \u010do najprirodzenej\u0161\u00ed vstup do podvedom\u00fdch stavov, ktor\u00e9 ukr\u00fdvaj\u00fa d\u00f4vody konan\u00ed, emocion\u00e1lnych pre\u017e\u00edvan\u00ed a podstatu jedine\u010dnosti. Arteterapia cez autentick\u00e9 tvorenie \u2013 vyjadrenie sa, umo\u017e\u0148uje pr\u00edstup k subdominantnej intuit\u00edvnej a vizu\u00e1lnej pravej \u010dasti hemisf\u00e9ry.&nbsp;Arteterapetutick\u00e9 \u00falohy zad\u00e1vaj\u00fa mozgu pr\u00edkazy, pri ktor\u00fdch mus\u00ed mozog vypn\u00fa\u0165 svoju \u013eav\u00fa verb\u00e1lnu&nbsp;a racion\u00e1lnu hemisf\u00e9ru a umo\u017enia vyu\u017eitie [&hellip;]\" \/>\n<meta property=\"og:url\" content=\"https:\/\/www.somacentrum.online\/home\/arteterapia-prirodzeny-vstup-do-podvedomia\/\" \/>\n<meta property=\"og:site_name\" content=\"somA centrum\" \/>\n<meta property=\"article:published_time\" content=\"2025-12-03T21:00:12+00:00\" \/>\n<meta property=\"article:modified_time\" content=\"2025-12-03T23:15:16+00:00\" \/>\n<meta property=\"og:image\" content=\"https:\/\/www.somacentrum.online\/home\/wp-content\/uploads\/2025\/12\/arteterapia_II.jpg\" \/>\n\t<meta property=\"og:image:width\" content=\"1280\" \/>\n\t<meta property=\"og:image:height\" content=\"725\" \/>\n\t<meta property=\"og:image:type\" content=\"image\/jpeg\" \/>\n<meta name=\"author\" content=\"eppli eva kub\u00e1\u0148ov\u00e1\" \/>\n<meta name=\"twitter:card\" content=\"summary_large_image\" \/>\n<meta name=\"twitter:label1\" content=\"Autor\" \/>\n\t<meta name=\"twitter:data1\" content=\"eppli eva kub\u00e1\u0148ov\u00e1\" \/>\n\t<meta name=\"twitter:label2\" content=\"Predpokladan\u00fd \u010das \u010d\u00edtania\" \/>\n\t<meta name=\"twitter:data2\" content=\"2 min\u00faty\" \/>\n<script type=\"application\/ld+json\" class=\"yoast-schema-graph\">{\"@context\":\"https:\/\/schema.org\",\"@graph\":[{\"@type\":\"WebPage\",\"@id\":\"https:\/\/www.somacentrum.online\/home\/arteterapia-prirodzeny-vstup-do-podvedomia\/\",\"url\":\"https:\/\/www.somacentrum.online\/home\/arteterapia-prirodzeny-vstup-do-podvedomia\/\",\"name\":\"arteterapia: prirodzen\u00fd vstup do podvedomia - somA centrum\",\"isPartOf\":{\"@id\":\"https:\/\/www.somacentrum.online\/home\/#website\"},\"primaryImageOfPage\":{\"@id\":\"https:\/\/www.somacentrum.online\/home\/arteterapia-prirodzeny-vstup-do-podvedomia\/#primaryimage\"},\"image\":{\"@id\":\"https:\/\/www.somacentrum.online\/home\/arteterapia-prirodzeny-vstup-do-podvedomia\/#primaryimage\"},\"thumbnailUrl\":\"https:\/\/www.somacentrum.online\/home\/wp-content\/uploads\/2025\/12\/arteterapia_II.jpg\",\"datePublished\":\"2025-12-03T21:00:12+00:00\",\"dateModified\":\"2025-12-03T23:15:16+00:00\",\"author\":{\"@id\":\"https:\/\/www.somacentrum.online\/home\/#\/schema\/person\/c08649b5774ba1d84dd049cebafe7b0f\"},\"breadcrumb\":{\"@id\":\"https:\/\/www.somacentrum.online\/home\/arteterapia-prirodzeny-vstup-do-podvedomia\/#breadcrumb\"},\"inLanguage\":\"sk-SK\",\"potentialAction\":[{\"@type\":\"ReadAction\",\"target\":[\"https:\/\/www.somacentrum.online\/home\/arteterapia-prirodzeny-vstup-do-podvedomia\/\"]}]},{\"@type\":\"ImageObject\",\"inLanguage\":\"sk-SK\",\"@id\":\"https:\/\/www.somacentrum.online\/home\/arteterapia-prirodzeny-vstup-do-podvedomia\/#primaryimage\",\"url\":\"https:\/\/www.somacentrum.online\/home\/wp-content\/uploads\/2025\/12\/arteterapia_II.jpg\",\"contentUrl\":\"https:\/\/www.somacentrum.online\/home\/wp-content\/uploads\/2025\/12\/arteterapia_II.jpg\",\"width\":1280,\"height\":725},{\"@type\":\"BreadcrumbList\",\"@id\":\"https:\/\/www.somacentrum.online\/home\/arteterapia-prirodzeny-vstup-do-podvedomia\/#breadcrumb\",\"itemListElement\":[{\"@type\":\"ListItem\",\"position\":1,\"name\":\"Home\",\"item\":\"https:\/\/www.somacentrum.online\/home\/\"},{\"@type\":\"ListItem\",\"position\":2,\"name\":\"arteterapia: prirodzen\u00fd vstup do podvedomia\"}]},{\"@type\":\"WebSite\",\"@id\":\"https:\/\/www.somacentrum.online\/home\/#website\",\"url\":\"https:\/\/www.somacentrum.online\/home\/\",\"name\":\"somA centrum\",\"description\":\"kreat\u00edvneho myslenia, o.z.\",\"potentialAction\":[{\"@type\":\"SearchAction\",\"target\":{\"@type\":\"EntryPoint\",\"urlTemplate\":\"https:\/\/www.somacentrum.online\/home\/?s={search_term_string}\"},\"query-input\":{\"@type\":\"PropertyValueSpecification\",\"valueRequired\":true,\"valueName\":\"search_term_string\"}}],\"inLanguage\":\"sk-SK\"},{\"@type\":\"Person\",\"@id\":\"https:\/\/www.somacentrum.online\/home\/#\/schema\/person\/c08649b5774ba1d84dd049cebafe7b0f\",\"name\":\"eppli eva kub\u00e1\u0148ov\u00e1\",\"image\":{\"@type\":\"ImageObject\",\"inLanguage\":\"sk-SK\",\"@id\":\"https:\/\/www.somacentrum.online\/home\/#\/schema\/person\/image\/\",\"url\":\"https:\/\/secure.gravatar.com\/avatar\/dfba3af79afdd0c7171c77cb1375995ce9e25887e174026ed8383742b71d7e8a?s=96&d=mm&r=g\",\"contentUrl\":\"https:\/\/secure.gravatar.com\/avatar\/dfba3af79afdd0c7171c77cb1375995ce9e25887e174026ed8383742b71d7e8a?s=96&d=mm&r=g\",\"caption\":\"eppli eva kub\u00e1\u0148ov\u00e1\"},\"url\":\"https:\/\/www.somacentrum.online\/home\/author\/eppli14\/\"}]}<\/script>\n<!-- \/ Yoast SEO plugin. -->","yoast_head_json":{"title":"arteterapia: prirodzen\u00fd vstup do podvedomia - somA centrum","robots":{"index":"index","follow":"follow","max-snippet":"max-snippet:-1","max-image-preview":"max-image-preview:large","max-video-preview":"max-video-preview:-1"},"canonical":"https:\/\/www.somacentrum.online\/home\/arteterapia-prirodzeny-vstup-do-podvedomia\/","og_locale":"sk_SK","og_type":"article","og_title":"arteterapia: prirodzen\u00fd vstup do podvedomia - somA centrum","og_description":"Cie\u013eom arteterapeutick\u00fdch \u2013 kreat\u00edvnych cvi\u010den\u00ed je \u010do najprirodzenej\u0161\u00ed vstup do podvedom\u00fdch stavov, ktor\u00e9 ukr\u00fdvaj\u00fa d\u00f4vody konan\u00ed, emocion\u00e1lnych pre\u017e\u00edvan\u00ed a podstatu jedine\u010dnosti. Arteterapia cez autentick\u00e9 tvorenie \u2013 vyjadrenie sa, umo\u017e\u0148uje pr\u00edstup k subdominantnej intuit\u00edvnej a vizu\u00e1lnej pravej \u010dasti hemisf\u00e9ry.&nbsp;Arteterapetutick\u00e9 \u00falohy zad\u00e1vaj\u00fa mozgu pr\u00edkazy, pri ktor\u00fdch mus\u00ed mozog vypn\u00fa\u0165 svoju \u013eav\u00fa verb\u00e1lnu&nbsp;a racion\u00e1lnu hemisf\u00e9ru a umo\u017enia vyu\u017eitie [&hellip;]","og_url":"https:\/\/www.somacentrum.online\/home\/arteterapia-prirodzeny-vstup-do-podvedomia\/","og_site_name":"somA centrum","article_published_time":"2025-12-03T21:00:12+00:00","article_modified_time":"2025-12-03T23:15:16+00:00","og_image":[{"width":1280,"height":725,"url":"https:\/\/www.somacentrum.online\/home\/wp-content\/uploads\/2025\/12\/arteterapia_II.jpg","type":"image\/jpeg"}],"author":"eppli eva kub\u00e1\u0148ov\u00e1","twitter_card":"summary_large_image","twitter_misc":{"Autor":"eppli eva kub\u00e1\u0148ov\u00e1","Predpokladan\u00fd \u010das \u010d\u00edtania":"2 min\u00faty"},"schema":{"@context":"https:\/\/schema.org","@graph":[{"@type":"WebPage","@id":"https:\/\/www.somacentrum.online\/home\/arteterapia-prirodzeny-vstup-do-podvedomia\/","url":"https:\/\/www.somacentrum.online\/home\/arteterapia-prirodzeny-vstup-do-podvedomia\/","name":"arteterapia: prirodzen\u00fd vstup do podvedomia - somA centrum","isPartOf":{"@id":"https:\/\/www.somacentrum.online\/home\/#website"},"primaryImageOfPage":{"@id":"https:\/\/www.somacentrum.online\/home\/arteterapia-prirodzeny-vstup-do-podvedomia\/#primaryimage"},"image":{"@id":"https:\/\/www.somacentrum.online\/home\/arteterapia-prirodzeny-vstup-do-podvedomia\/#primaryimage"},"thumbnailUrl":"https:\/\/www.somacentrum.online\/home\/wp-content\/uploads\/2025\/12\/arteterapia_II.jpg","datePublished":"2025-12-03T21:00:12+00:00","dateModified":"2025-12-03T23:15:16+00:00","author":{"@id":"https:\/\/www.somacentrum.online\/home\/#\/schema\/person\/c08649b5774ba1d84dd049cebafe7b0f"},"breadcrumb":{"@id":"https:\/\/www.somacentrum.online\/home\/arteterapia-prirodzeny-vstup-do-podvedomia\/#breadcrumb"},"inLanguage":"sk-SK","potentialAction":[{"@type":"ReadAction","target":["https:\/\/www.somacentrum.online\/home\/arteterapia-prirodzeny-vstup-do-podvedomia\/"]}]},{"@type":"ImageObject","inLanguage":"sk-SK","@id":"https:\/\/www.somacentrum.online\/home\/arteterapia-prirodzeny-vstup-do-podvedomia\/#primaryimage","url":"https:\/\/www.somacentrum.online\/home\/wp-content\/uploads\/2025\/12\/arteterapia_II.jpg","contentUrl":"https:\/\/www.somacentrum.online\/home\/wp-content\/uploads\/2025\/12\/arteterapia_II.jpg","width":1280,"height":725},{"@type":"BreadcrumbList","@id":"https:\/\/www.somacentrum.online\/home\/arteterapia-prirodzeny-vstup-do-podvedomia\/#breadcrumb","itemListElement":[{"@type":"ListItem","position":1,"name":"Home","item":"https:\/\/www.somacentrum.online\/home\/"},{"@type":"ListItem","position":2,"name":"arteterapia: prirodzen\u00fd vstup do podvedomia"}]},{"@type":"WebSite","@id":"https:\/\/www.somacentrum.online\/home\/#website","url":"https:\/\/www.somacentrum.online\/home\/","name":"somA centrum","description":"kreat\u00edvneho myslenia, o.z.","potentialAction":[{"@type":"SearchAction","target":{"@type":"EntryPoint","urlTemplate":"https:\/\/www.somacentrum.online\/home\/?s={search_term_string}"},"query-input":{"@type":"PropertyValueSpecification","valueRequired":true,"valueName":"search_term_string"}}],"inLanguage":"sk-SK"},{"@type":"Person","@id":"https:\/\/www.somacentrum.online\/home\/#\/schema\/person\/c08649b5774ba1d84dd049cebafe7b0f","name":"eppli eva kub\u00e1\u0148ov\u00e1","image":{"@type":"ImageObject","inLanguage":"sk-SK","@id":"https:\/\/www.somacentrum.online\/home\/#\/schema\/person\/image\/","url":"https:\/\/secure.gravatar.com\/avatar\/dfba3af79afdd0c7171c77cb1375995ce9e25887e174026ed8383742b71d7e8a?s=96&d=mm&r=g","contentUrl":"https:\/\/secure.gravatar.com\/avatar\/dfba3af79afdd0c7171c77cb1375995ce9e25887e174026ed8383742b71d7e8a?s=96&d=mm&r=g","caption":"eppli eva kub\u00e1\u0148ov\u00e1"},"url":"https:\/\/www.somacentrum.online\/home\/author\/eppli14\/"}]}},"_links":{"self":[{"href":"https:\/\/www.somacentrum.online\/home\/wp-json\/wp\/v2\/posts\/2412","targetHints":{"allow":["GET"]}}],"collection":[{"href":"https:\/\/www.somacentrum.online\/home\/wp-json\/wp\/v2\/posts"}],"about":[{"href":"https:\/\/www.somacentrum.online\/home\/wp-json\/wp\/v2\/types\/post"}],"author":[{"embeddable":true,"href":"https:\/\/www.somacentrum.online\/home\/wp-json\/wp\/v2\/users\/1"}],"replies":[{"embeddable":true,"href":"https:\/\/www.somacentrum.online\/home\/wp-json\/wp\/v2\/comments?post=2412"}],"version-history":[{"count":1,"href":"https:\/\/www.somacentrum.online\/home\/wp-json\/wp\/v2\/posts\/2412\/revisions"}],"predecessor-version":[{"id":2414,"href":"https:\/\/www.somacentrum.online\/home\/wp-json\/wp\/v2\/posts\/2412\/revisions\/2414"}],"wp:featuredmedia":[{"embeddable":true,"href":"https:\/\/www.somacentrum.online\/home\/wp-json\/wp\/v2\/media\/2417"}],"wp:attachment":[{"href":"https:\/\/www.somacentrum.online\/home\/wp-json\/wp\/v2\/media?parent=2412"}],"wp:term":[{"taxonomy":"category","embeddable":true,"href":"https:\/\/www.somacentrum.online\/home\/wp-json\/wp\/v2\/categories?post=2412"},{"taxonomy":"post_tag","embeddable":true,"href":"https:\/\/www.somacentrum.online\/home\/wp-json\/wp\/v2\/tags?post=2412"}],"curies":[{"name":"wp","href":"https:\/\/api.w.org\/{rel}","templated":true}]}}