{"id":50,"date":"2020-02-04T18:33:02","date_gmt":"2020-02-04T17:33:02","guid":{"rendered":"https:\/\/www.somacentrum.online\/home\/?p=50"},"modified":"2025-12-03T23:09:09","modified_gmt":"2025-12-03T22:09:09","slug":"absolutny-kruh","status":"publish","type":"post","link":"https:\/\/www.somacentrum.online\/home\/absolutny-kruh\/","title":{"rendered":"absol\u00fatny kruh"},"content":{"rendered":"\n<p>Vn\u00fatorn\u00e9 presved\u010denie v dan\u00fa vec. Absol\u00fatne stanovisko, ktor\u00e9 je reflexn\u00e9, je flexibiln\u00e9. Ni\u010d nie je jednozna\u010dn\u00e9, v\u017edy je mo\u017enos\u0165 meni\u0165 poz\u00edciu pri pozorovan\u00ed sveta i vn\u00fatra. <strong>A ot\u00e1zka? Kde je stred, ak\u00e1 je na\u0161a moment\u00e1lna poz\u00edcia v usporiadan\u00ed prvkov? \u010co je mikro a \u010do makro, v ktorej f\u00e1ze v\u00fdvinu sa v\u00f4bec nach\u00e1dzame?<\/strong><\/p>\n\n\n\n<p><strong>Odpove\u010f je v stave uvedomenia si dvoch pr\u00e1vd. Uvedomenia si jestvovania existencie a&nbsp;neexistencie; a nejestvovania existencie a neexistencie. Jedno vyvracia druh\u00e9 v tom istom okamihu my\u0161lienky. Dve pravdy. Du\u00e1lny svet so svoj\u00edm du\u00e1lnym vn\u00edman\u00edm.<\/strong><\/p>\n\n\n\n<p>Ako rub mince. A my sa st\u00e1vame stredom. Je nutn\u00e9 uvedomi\u0165 si svoju excentricitu. Svoj stred. By\u0165 bodom, kde sa v\u0161etko za\u010d\u00edna, no z\u00e1rove\u0148 kde v\u0161etko kon\u010d\u00ed. By\u0165 absol\u00fatnym stredom svojho poznania. Ma\u0165 svoje poznanie v&nbsp;poznan\u00ed. A&nbsp;vo vn\u00fatornom viden\u00ed ma\u0165 z\u00e1rove\u0148 videnie reflexn\u00e9.<\/p>\n\n\n\n<p>Videnie zrkadla. Svet je reflexia svetla, energia je svetlo. Odrazy svetiel, bytost\u00ed. V hmotnom zoskupen\u00ed. Vlnenie a vzniknut\u00e9 svetlo \u010di teplo. Kruhovo spojen\u00e1 energia. Je to nekone\u010dn\u00fd kruh v absol\u00fatnom pohybe. Jeho povrch zaber\u00e1 v\u0161etko. Absol\u00fatne obsiahnutie prvkov. Vedomie je zhluk vlnenia, tvor\u00ed sa z&nbsp;vn\u00edmania a&nbsp;uvedomenia, ka\u017ed\u00e9 toto spojenie medzi nimi je v absol\u00fatnom kruhu, ktor\u00fd je v\u0161eobsiahly.<\/p>\n\n\n\n<p>Hodnotenie vec\u00ed (udalost\u00ed prebieha v&nbsp;s\u00ednusoide: \u00e1no-nie), &#8230;na\u0161e moment\u00e1lne vn\u00edmanie dok\u00e1\u017ee zaznamena\u0165 e\u0161te jedno kolm\u00e9 prelo\u017eenie roviny a to roviny \u010dasu. Rovina \u010dasu je v absol\u00fatnej kolmosti na roviny vn\u00fatorn\u00e9ho priestorov\u00e9ho vn\u00edmania.<\/p>\n\n\n\n<p>Vedomie ur\u010duje u\u017e samotn\u00e9 vn\u00edmanie reality \u2013 poz\u00edciu akoby v&nbsp;neur\u010ditku. Alebo v ur\u010ditku, v&nbsp;z\u00e1vislosti od f\u00e1zy, v ktorej vec hodnot\u00edme. Ako v&nbsp;s\u00ednusoide, pod\u013ea stanovenej rovinnej mierky a&nbsp;to osi x-ovej, je to f\u00e1za, ktorou zaznamen\u00e1vame d\u013a\u017eku. Postaven\u00edm osi y-ovej vznik\u00e1 menovate\u013en\u00e1 poz\u00edcia v klade \u010di v z\u00e1pore, v&nbsp;usporiadan\u00ed dvoch rov\u00edn kolm\u00fdch na seba. Pri rot\u00e1cii t\u00fdchto rov\u00edn je nutn\u00e9 uvedomi\u0165 si mo\u017enos\u0165 vkladania \u010fal\u0161\u00edch dvoch rov\u00edn, ktor\u00e9 sa daj\u00fa dolo\u017ei\u0165 op\u00e4t kolmo. Bude to vlo\u017eenie dvoch nov\u00fdch rov\u00edn, ktor\u00e9 pri vizualiz\u00e1cii vytvoria optick\u00fa kru\u017enicu a z h\u013eadiska vn\u00edmania jednu os. Naz\u00fdvame ju osou z-ovou. Pri vn\u00edman\u00ed t\u00fdchto os\u00ed mus\u00ed nasta\u0165 \u010dasov\u00fd sek. Okamih kedy bol vn\u00edmany fakt hodnoten\u00fd a tak preveden\u00fd do ur\u010ditej f\u00e1zy vedomia. T\u00e1to jednotka \u2013 dan\u00fd okamih vnemu, je zlo\u017een\u00fd z viacer\u00fdch vzruchov, ktor\u00e9 nemaj\u00fa rovnak\u00fd \u010dasov\u00fd prierez. Je to kruhov\u00fd posun, teda pohyb, d\u00f4kaz absol\u00fatneho kruhu, ktor\u00fd vytv\u00e1ra relativitu. Obmedzenos\u0165 n\u00e1\u0161ho moment\u00e1lneho vn\u00edmania. Troj \u2013 prvkovos\u0165. Trojdimenzion\u00e1lne vn\u00edmanie priestoru\u2013 v&nbsp;troch osiach: x, y, z, ktor\u00e9 s\u00fa na seba s\u00fa\u010dasne kolm\u00e9.<\/p>\n\n\n\n<figure class=\"wp-block-image size-large\"><img decoding=\"async\" width=\"250\" height=\"163\" src=\"https:\/\/www.somacentrum.online\/home\/wp-content\/uploads\/2020\/02\/eppli_absolutny_kruh_vedomie.jpg\" alt=\"\" class=\"wp-image-51\"\/><\/figure>\n\n\n\n<p>Toto zlo\u017eenie vytv\u00e1ra \u0165a\u017eisko \u0161tvorca, ktor\u00fd je zlo\u017een\u00fd z \u00f4smych vn\u00fatorn\u00fdch \u0161tvorcov. Tak\u00e9to delenie nast\u00e1va v trojdimenzion\u00e1lnom vn\u00edman\u00ed. Rovnak\u00fd rozklad v\u0161etk\u00fdch priestorovo vn\u00edman\u00fdch prvkov \u2013 zoskupen\u00ed vlnenia \u2013 energie. Ale na\u0161e moment\u00e1lne vn\u00edmanie dok\u00e1\u017ee zaznamena\u0165 e\u0161te jedno kolm\u00e9 prelo\u017eenie roviny a to roviny \u010dasu. Rovina \u010dasu je v absol\u00fatnej kolmosti na roviny vn\u00fatorn\u00e9ho priestorov\u00e9ho vn\u00edmania.<\/p>\n\n\n\n<p>Teda vn\u00edmanie je \u0161tvordimenzion\u00e1lne, pre na\u0161u polohu vedomia.&nbsp;<\/p>\n\n\n\n<p>Dvoj, troj a&nbsp;\u0161tvor \u2013 dimenzion\u00e1lny poh\u013ead, tri poh\u013eady vn\u00edmania vo f\u00e1ze \u0161tyroch dimenzi\u00ed. No op\u00e4t je to s\u00fa\u010das\u0165 absol\u00fatneho kruhu. A ke\u010f\u017ee je to absol\u00fatny kruh, prekladanie kolmej roviny je op\u00e4\u0165 mo\u017en\u00e9 a tak smerom \u010falej dosiahne svoj po\u010diatok. Svoj \u0161tart, bod v myslenom myslen\u00ed \u2013 vn\u00edman\u00ed. Na\u0161e vn\u00edmanie je schopn\u00e9 preklen\u00fa\u0165 sa aj cez \u010fal\u0161ie dimenzie, ale v na\u0161om myslen\u00ed nedoch\u00e1dza k&nbsp;ich uvedomeniu. Teda potvrdenie ve\u010dn\u00e9h kruhu, absol\u00fatnej reflexie, je d\u00f4kazom dvoch pr\u00e1vd. Tieto pravdy vo vypovedan\u00fdch my\u0161lienkach m\u00f4\u017eu by\u0165 stredom, napr\u00edklad my\u0161lienkov\u00e1 jednotka vo vypovedanom slove \u201cale\u201d. Teda poh\u013ead akoby z tvoriacej poz\u00edcie. V\u017edy vlastn\u00e1 poloha v relativite. T\u00e1to poloha je v\u017edy ur\u010den\u00edm len k ur\u010dit\u00e9mu, zadan\u00e9mu \u010dasov\u00e9mu zastaveniu, ktor\u00e9 je aj tak vo&nbsp;vn\u00fatornom kruhovom pohybe, \u010do vytv\u00e1ra relativitu, dvojtv\u00e1rnos\u0165.<\/p>\n\n\n\n<figure class=\"wp-block-image size-large\"><img decoding=\"async\" width=\"300\" height=\"85\" src=\"https:\/\/www.somacentrum.online\/home\/wp-content\/uploads\/2020\/02\/eppli_absolutny_kruh_dvojtvarnost.jpg\" alt=\"\" class=\"wp-image-52\"\/><\/figure>\n\n\n\n<p>Dvojtv\u00e1rnos\u0165 je trojbodov\u00e1. Viden\u00e9 fakty s\u00fa potom \u010falej spracov\u00e1van\u00e9 pod\u013ea poz\u00edcie, v ktorej boli viden\u00e9. Pripom\u00ednam v\u0161ak, \u017ee t\u00e1to dvojtv\u00e1rnos\u0165 je vo&nbsp;vz\u0165ahu vn\u00fatorn\u00e9ho a&nbsp;vonkaj\u0161ieho videnia. Teda v nach\u00e1dzan\u00ed stredu a tak rovnov\u00e1hy \u2013 pravdy uvedomenia.<\/p>\n\n\n\n<p>V porozumen\u00ed absol\u00fatneho kruhu treba \u00eds\u0165 cestou h\u013eadania pravdy.<\/p>\n\n\n\n<p>eva kub\u00e1\u0148ov\u00e1 .eppli<\/p>\n\n\n\n<p><\/p>\n\n\n\n<p class=\"has-small-font-size\">foto: zdroj \u2013 pixabay<\/p>\n","protected":false},"excerpt":{"rendered":"<p>Vn\u00fatorn\u00e9 presved\u010denie v dan\u00fa vec. Absol\u00fatne stanovisko, ktor\u00e9 je reflexn\u00e9, je flexibiln\u00e9. Ni\u010d nie je jednozna\u010dn\u00e9, v\u017edy je mo\u017enos\u0165 meni\u0165 poz\u00edciu pri pozorovan\u00ed sveta i vn\u00fatra. A ot\u00e1zka? Kde je stred, ak\u00e1 je na\u0161a moment\u00e1lna poz\u00edcia v usporiadan\u00ed prvkov? \u010co je mikro a \u010do makro, v ktorej f\u00e1ze v\u00fdvinu sa v\u00f4bec nach\u00e1dzame? Odpove\u010f je v [&hellip;]<\/p>\n","protected":false},"author":1,"featured_media":431,"comment_status":"closed","ping_status":"open","sticky":false,"template":"","format":"standard","meta":{"om_disable_all_campaigns":false,"_monsterinsights_skip_tracking":false,"_monsterinsights_sitenote_active":false,"_monsterinsights_sitenote_note":"","_monsterinsights_sitenote_category":0,"_uf_show_specific_survey":0,"_uf_disable_surveys":false,"footnotes":""},"categories":[28,3],"tags":[22,29,31],"class_list":["post-50","post","type-post","status-publish","format-standard","has-post-thumbnail","hentry","category-creativity","category-meditacia","tag-alternativa","tag-creativity","tag-thinking"],"aioseo_notices":[],"yoast_head":"<!-- This site is optimized with the Yoast SEO plugin v26.4 - https:\/\/yoast.com\/wordpress\/plugins\/seo\/ -->\n<title>absol\u00fatny kruh - somA centrum<\/title>\n<meta name=\"description\" content=\"Vn\u00fatorn\u00e9 presved\u010denie v dan\u00fa vec. Absol\u00fatne stanovisko, ktor\u00e9 je reflexn\u00e9, je flexibiln\u00e9. Ni\u010d nie je jednozna\u010dn\u00e9, v\u017edy je mo\u017enos\u0165 meni\u0165 poz\u00edciu pri pozorovan\u00ed sveta i vn\u00fatra. A ot\u00e1zka? Kde je stred, ak\u00e1 je na\u0161a moment\u00e1lna poz\u00edcia v usporiadan\u00ed prvkov? \u010co je mikro a \u010do makro, v ktorej f\u00e1ze v\u00fdvinu sa v\u00f4bec nach\u00e1dzame?\" \/>\n<meta name=\"robots\" content=\"index, follow, max-snippet:-1, max-image-preview:large, max-video-preview:-1\" \/>\n<link rel=\"canonical\" href=\"https:\/\/www.somacentrum.online\/home\/absolutny-kruh\/\" \/>\n<meta property=\"og:locale\" content=\"sk_SK\" \/>\n<meta property=\"og:type\" content=\"article\" \/>\n<meta property=\"og:title\" content=\"absol\u00fatny kruh - somA centrum\" \/>\n<meta property=\"og:description\" content=\"Vn\u00fatorn\u00e9 presved\u010denie v dan\u00fa vec. Absol\u00fatne stanovisko, ktor\u00e9 je reflexn\u00e9, je flexibiln\u00e9. Ni\u010d nie je jednozna\u010dn\u00e9, v\u017edy je mo\u017enos\u0165 meni\u0165 poz\u00edciu pri pozorovan\u00ed sveta i vn\u00fatra. A ot\u00e1zka? Kde je stred, ak\u00e1 je na\u0161a moment\u00e1lna poz\u00edcia v usporiadan\u00ed prvkov? \u010co je mikro a \u010do makro, v ktorej f\u00e1ze v\u00fdvinu sa v\u00f4bec nach\u00e1dzame?\" \/>\n<meta property=\"og:url\" content=\"https:\/\/www.somacentrum.online\/home\/absolutny-kruh\/\" \/>\n<meta property=\"og:site_name\" content=\"somA centrum\" \/>\n<meta property=\"article:published_time\" content=\"2020-02-04T17:33:02+00:00\" \/>\n<meta property=\"article:modified_time\" content=\"2025-12-03T22:09:09+00:00\" \/>\n<meta property=\"og:image\" content=\"https:\/\/www.somacentrum.online\/home\/wp-content\/uploads\/2020\/02\/kruh.jpg\" \/>\n\t<meta property=\"og:image:width\" content=\"960\" \/>\n\t<meta property=\"og:image:height\" content=\"640\" \/>\n\t<meta property=\"og:image:type\" content=\"image\/jpeg\" \/>\n<meta name=\"author\" content=\"eppli eva kub\u00e1\u0148ov\u00e1\" \/>\n<meta name=\"twitter:card\" content=\"summary_large_image\" \/>\n<meta name=\"twitter:label1\" content=\"Autor\" \/>\n\t<meta name=\"twitter:data1\" content=\"eppli eva kub\u00e1\u0148ov\u00e1\" \/>\n\t<meta name=\"twitter:label2\" content=\"Predpokladan\u00fd \u010das \u010d\u00edtania\" \/>\n\t<meta name=\"twitter:data2\" content=\"5 min\u00fat\" \/>\n<script type=\"application\/ld+json\" class=\"yoast-schema-graph\">{\"@context\":\"https:\/\/schema.org\",\"@graph\":[{\"@type\":\"WebPage\",\"@id\":\"https:\/\/www.somacentrum.online\/home\/absolutny-kruh\/\",\"url\":\"https:\/\/www.somacentrum.online\/home\/absolutny-kruh\/\",\"name\":\"absol\u00fatny kruh - somA centrum\",\"isPartOf\":{\"@id\":\"https:\/\/www.somacentrum.online\/home\/#website\"},\"primaryImageOfPage\":{\"@id\":\"https:\/\/www.somacentrum.online\/home\/absolutny-kruh\/#primaryimage\"},\"image\":{\"@id\":\"https:\/\/www.somacentrum.online\/home\/absolutny-kruh\/#primaryimage\"},\"thumbnailUrl\":\"https:\/\/www.somacentrum.online\/home\/wp-content\/uploads\/2020\/02\/kruh.jpg\",\"datePublished\":\"2020-02-04T17:33:02+00:00\",\"dateModified\":\"2025-12-03T22:09:09+00:00\",\"author\":{\"@id\":\"https:\/\/www.somacentrum.online\/home\/#\/schema\/person\/c08649b5774ba1d84dd049cebafe7b0f\"},\"description\":\"Vn\u00fatorn\u00e9 presved\u010denie v dan\u00fa vec. Absol\u00fatne stanovisko, ktor\u00e9 je reflexn\u00e9, je flexibiln\u00e9. Ni\u010d nie je jednozna\u010dn\u00e9, v\u017edy je mo\u017enos\u0165 meni\u0165 poz\u00edciu pri pozorovan\u00ed sveta i vn\u00fatra. A ot\u00e1zka? Kde je stred, ak\u00e1 je na\u0161a moment\u00e1lna poz\u00edcia v usporiadan\u00ed prvkov? \u010co je mikro a \u010do makro, v ktorej f\u00e1ze v\u00fdvinu sa v\u00f4bec nach\u00e1dzame?\",\"breadcrumb\":{\"@id\":\"https:\/\/www.somacentrum.online\/home\/absolutny-kruh\/#breadcrumb\"},\"inLanguage\":\"sk-SK\",\"potentialAction\":[{\"@type\":\"ReadAction\",\"target\":[\"https:\/\/www.somacentrum.online\/home\/absolutny-kruh\/\"]}]},{\"@type\":\"ImageObject\",\"inLanguage\":\"sk-SK\",\"@id\":\"https:\/\/www.somacentrum.online\/home\/absolutny-kruh\/#primaryimage\",\"url\":\"https:\/\/www.somacentrum.online\/home\/wp-content\/uploads\/2020\/02\/kruh.jpg\",\"contentUrl\":\"https:\/\/www.somacentrum.online\/home\/wp-content\/uploads\/2020\/02\/kruh.jpg\",\"width\":960,\"height\":640},{\"@type\":\"BreadcrumbList\",\"@id\":\"https:\/\/www.somacentrum.online\/home\/absolutny-kruh\/#breadcrumb\",\"itemListElement\":[{\"@type\":\"ListItem\",\"position\":1,\"name\":\"Home\",\"item\":\"https:\/\/www.somacentrum.online\/home\/\"},{\"@type\":\"ListItem\",\"position\":2,\"name\":\"absol\u00fatny kruh\"}]},{\"@type\":\"WebSite\",\"@id\":\"https:\/\/www.somacentrum.online\/home\/#website\",\"url\":\"https:\/\/www.somacentrum.online\/home\/\",\"name\":\"somA centrum\",\"description\":\"kreat\u00edvneho myslenia, o.z.\",\"potentialAction\":[{\"@type\":\"SearchAction\",\"target\":{\"@type\":\"EntryPoint\",\"urlTemplate\":\"https:\/\/www.somacentrum.online\/home\/?s={search_term_string}\"},\"query-input\":{\"@type\":\"PropertyValueSpecification\",\"valueRequired\":true,\"valueName\":\"search_term_string\"}}],\"inLanguage\":\"sk-SK\"},{\"@type\":\"Person\",\"@id\":\"https:\/\/www.somacentrum.online\/home\/#\/schema\/person\/c08649b5774ba1d84dd049cebafe7b0f\",\"name\":\"eppli eva kub\u00e1\u0148ov\u00e1\",\"image\":{\"@type\":\"ImageObject\",\"inLanguage\":\"sk-SK\",\"@id\":\"https:\/\/www.somacentrum.online\/home\/#\/schema\/person\/image\/\",\"url\":\"https:\/\/secure.gravatar.com\/avatar\/dfba3af79afdd0c7171c77cb1375995ce9e25887e174026ed8383742b71d7e8a?s=96&d=mm&r=g\",\"contentUrl\":\"https:\/\/secure.gravatar.com\/avatar\/dfba3af79afdd0c7171c77cb1375995ce9e25887e174026ed8383742b71d7e8a?s=96&d=mm&r=g\",\"caption\":\"eppli eva kub\u00e1\u0148ov\u00e1\"},\"url\":\"https:\/\/www.somacentrum.online\/home\/author\/eppli14\/\"}]}<\/script>\n<!-- \/ Yoast SEO plugin. -->","yoast_head_json":{"title":"absol\u00fatny kruh - somA centrum","description":"Vn\u00fatorn\u00e9 presved\u010denie v dan\u00fa vec. Absol\u00fatne stanovisko, ktor\u00e9 je reflexn\u00e9, je flexibiln\u00e9. Ni\u010d nie je jednozna\u010dn\u00e9, v\u017edy je mo\u017enos\u0165 meni\u0165 poz\u00edciu pri pozorovan\u00ed sveta i vn\u00fatra. A ot\u00e1zka? Kde je stred, ak\u00e1 je na\u0161a moment\u00e1lna poz\u00edcia v usporiadan\u00ed prvkov? \u010co je mikro a \u010do makro, v ktorej f\u00e1ze v\u00fdvinu sa v\u00f4bec nach\u00e1dzame?","robots":{"index":"index","follow":"follow","max-snippet":"max-snippet:-1","max-image-preview":"max-image-preview:large","max-video-preview":"max-video-preview:-1"},"canonical":"https:\/\/www.somacentrum.online\/home\/absolutny-kruh\/","og_locale":"sk_SK","og_type":"article","og_title":"absol\u00fatny kruh - somA centrum","og_description":"Vn\u00fatorn\u00e9 presved\u010denie v dan\u00fa vec. Absol\u00fatne stanovisko, ktor\u00e9 je reflexn\u00e9, je flexibiln\u00e9. Ni\u010d nie je jednozna\u010dn\u00e9, v\u017edy je mo\u017enos\u0165 meni\u0165 poz\u00edciu pri pozorovan\u00ed sveta i vn\u00fatra. A ot\u00e1zka? Kde je stred, ak\u00e1 je na\u0161a moment\u00e1lna poz\u00edcia v usporiadan\u00ed prvkov? \u010co je mikro a \u010do makro, v ktorej f\u00e1ze v\u00fdvinu sa v\u00f4bec nach\u00e1dzame?","og_url":"https:\/\/www.somacentrum.online\/home\/absolutny-kruh\/","og_site_name":"somA centrum","article_published_time":"2020-02-04T17:33:02+00:00","article_modified_time":"2025-12-03T22:09:09+00:00","og_image":[{"width":960,"height":640,"url":"https:\/\/www.somacentrum.online\/home\/wp-content\/uploads\/2020\/02\/kruh.jpg","type":"image\/jpeg"}],"author":"eppli eva kub\u00e1\u0148ov\u00e1","twitter_card":"summary_large_image","twitter_misc":{"Autor":"eppli eva kub\u00e1\u0148ov\u00e1","Predpokladan\u00fd \u010das \u010d\u00edtania":"5 min\u00fat"},"schema":{"@context":"https:\/\/schema.org","@graph":[{"@type":"WebPage","@id":"https:\/\/www.somacentrum.online\/home\/absolutny-kruh\/","url":"https:\/\/www.somacentrum.online\/home\/absolutny-kruh\/","name":"absol\u00fatny kruh - somA centrum","isPartOf":{"@id":"https:\/\/www.somacentrum.online\/home\/#website"},"primaryImageOfPage":{"@id":"https:\/\/www.somacentrum.online\/home\/absolutny-kruh\/#primaryimage"},"image":{"@id":"https:\/\/www.somacentrum.online\/home\/absolutny-kruh\/#primaryimage"},"thumbnailUrl":"https:\/\/www.somacentrum.online\/home\/wp-content\/uploads\/2020\/02\/kruh.jpg","datePublished":"2020-02-04T17:33:02+00:00","dateModified":"2025-12-03T22:09:09+00:00","author":{"@id":"https:\/\/www.somacentrum.online\/home\/#\/schema\/person\/c08649b5774ba1d84dd049cebafe7b0f"},"description":"Vn\u00fatorn\u00e9 presved\u010denie v dan\u00fa vec. Absol\u00fatne stanovisko, ktor\u00e9 je reflexn\u00e9, je flexibiln\u00e9. Ni\u010d nie je jednozna\u010dn\u00e9, v\u017edy je mo\u017enos\u0165 meni\u0165 poz\u00edciu pri pozorovan\u00ed sveta i vn\u00fatra. A ot\u00e1zka? Kde je stred, ak\u00e1 je na\u0161a moment\u00e1lna poz\u00edcia v usporiadan\u00ed prvkov? \u010co je mikro a \u010do makro, v ktorej f\u00e1ze v\u00fdvinu sa v\u00f4bec nach\u00e1dzame?","breadcrumb":{"@id":"https:\/\/www.somacentrum.online\/home\/absolutny-kruh\/#breadcrumb"},"inLanguage":"sk-SK","potentialAction":[{"@type":"ReadAction","target":["https:\/\/www.somacentrum.online\/home\/absolutny-kruh\/"]}]},{"@type":"ImageObject","inLanguage":"sk-SK","@id":"https:\/\/www.somacentrum.online\/home\/absolutny-kruh\/#primaryimage","url":"https:\/\/www.somacentrum.online\/home\/wp-content\/uploads\/2020\/02\/kruh.jpg","contentUrl":"https:\/\/www.somacentrum.online\/home\/wp-content\/uploads\/2020\/02\/kruh.jpg","width":960,"height":640},{"@type":"BreadcrumbList","@id":"https:\/\/www.somacentrum.online\/home\/absolutny-kruh\/#breadcrumb","itemListElement":[{"@type":"ListItem","position":1,"name":"Home","item":"https:\/\/www.somacentrum.online\/home\/"},{"@type":"ListItem","position":2,"name":"absol\u00fatny kruh"}]},{"@type":"WebSite","@id":"https:\/\/www.somacentrum.online\/home\/#website","url":"https:\/\/www.somacentrum.online\/home\/","name":"somA centrum","description":"kreat\u00edvneho myslenia, o.z.","potentialAction":[{"@type":"SearchAction","target":{"@type":"EntryPoint","urlTemplate":"https:\/\/www.somacentrum.online\/home\/?s={search_term_string}"},"query-input":{"@type":"PropertyValueSpecification","valueRequired":true,"valueName":"search_term_string"}}],"inLanguage":"sk-SK"},{"@type":"Person","@id":"https:\/\/www.somacentrum.online\/home\/#\/schema\/person\/c08649b5774ba1d84dd049cebafe7b0f","name":"eppli eva kub\u00e1\u0148ov\u00e1","image":{"@type":"ImageObject","inLanguage":"sk-SK","@id":"https:\/\/www.somacentrum.online\/home\/#\/schema\/person\/image\/","url":"https:\/\/secure.gravatar.com\/avatar\/dfba3af79afdd0c7171c77cb1375995ce9e25887e174026ed8383742b71d7e8a?s=96&d=mm&r=g","contentUrl":"https:\/\/secure.gravatar.com\/avatar\/dfba3af79afdd0c7171c77cb1375995ce9e25887e174026ed8383742b71d7e8a?s=96&d=mm&r=g","caption":"eppli eva kub\u00e1\u0148ov\u00e1"},"url":"https:\/\/www.somacentrum.online\/home\/author\/eppli14\/"}]}},"_links":{"self":[{"href":"https:\/\/www.somacentrum.online\/home\/wp-json\/wp\/v2\/posts\/50","targetHints":{"allow":["GET"]}}],"collection":[{"href":"https:\/\/www.somacentrum.online\/home\/wp-json\/wp\/v2\/posts"}],"about":[{"href":"https:\/\/www.somacentrum.online\/home\/wp-json\/wp\/v2\/types\/post"}],"author":[{"embeddable":true,"href":"https:\/\/www.somacentrum.online\/home\/wp-json\/wp\/v2\/users\/1"}],"replies":[{"embeddable":true,"href":"https:\/\/www.somacentrum.online\/home\/wp-json\/wp\/v2\/comments?post=50"}],"version-history":[{"count":5,"href":"https:\/\/www.somacentrum.online\/home\/wp-json\/wp\/v2\/posts\/50\/revisions"}],"predecessor-version":[{"id":681,"href":"https:\/\/www.somacentrum.online\/home\/wp-json\/wp\/v2\/posts\/50\/revisions\/681"}],"wp:featuredmedia":[{"embeddable":true,"href":"https:\/\/www.somacentrum.online\/home\/wp-json\/wp\/v2\/media\/431"}],"wp:attachment":[{"href":"https:\/\/www.somacentrum.online\/home\/wp-json\/wp\/v2\/media?parent=50"}],"wp:term":[{"taxonomy":"category","embeddable":true,"href":"https:\/\/www.somacentrum.online\/home\/wp-json\/wp\/v2\/categories?post=50"},{"taxonomy":"post_tag","embeddable":true,"href":"https:\/\/www.somacentrum.online\/home\/wp-json\/wp\/v2\/tags?post=50"}],"curies":[{"name":"wp","href":"https:\/\/api.w.org\/{rel}","templated":true}]}}